{"id":703,"date":"2021-05-11T13:06:27","date_gmt":"2021-05-11T13:06:27","guid":{"rendered":"https:\/\/kruce.es\/?p=703"},"modified":"2022-11-22T11:19:16","modified_gmt":"2022-11-22T11:19:16","slug":"intentar-liderar-sin-metodo-fracaso-asegurado","status":"publish","type":"post","link":"https:\/\/kruce.es\/eu\/2021\/05\/11\/intentar-liderar-sin-metodo-fracaso-asegurado\/","title":{"rendered":"Liderar sin m\u00e9todo\u2026 fracaso asegurado"},"content":{"rendered":"<p>Dicen que una herramienta muy potente para conectar con la gente es mostrar vulnerabilidad. Ya estamos un poco (o muy) hartos de ver siempre casos de \u00e9xito, de gente que nos dice c\u00f3mo tenemos que hacer las cosas, y que cuando indagas un poco sobre su experiencia, no encuentras nada en lo que se puedan apoyar dichos consejos.<\/p>\n<p>Estoy convencido que muchos os sentir\u00e9is identificados con esta historia que me ocurri\u00f3 no hace tantos a\u00f1os. Si, si, ya os adelanto que va de fracaso personal, autocr\u00edtica y aprendizaje forzado.<\/p>\n<p>Contextualicemos. Tras 5 a\u00f1os de comercial, representando a la empresa en diferentes mercados geogr\u00e1ficos, se producen una serie de cambios en la empresa, pasando el que firma este art\u00edculo a ser el director comercial, DIRIGIENDO a un equipo de 12 personas, y facturando en torno a los 80 millones de euros. \u00bfFormaci\u00f3n en la transici\u00f3n? Brill\u00f3 por su ausencia. \u00bfT\u00e9cnicas de Liderazgo? \u00bfGesti\u00f3n de equipos? \u00bfGesti\u00f3n por objetivos? \u00bfInteligencia emocional? &#8230;Nada de nada, aparte de lo que por iniciativa propia me dio por leer, que he de reconocer, tampoco fue demasiado.<\/p>\n<p>5 a\u00f1os m\u00e1s tarde, tras un (dudoso) aprendizaje sobre la marcha, apoyado en la observaci\u00f3n del desempe\u00f1o de compa\u00f1eros o de clientes, y tras un a\u00f1o espectacular en el negocio, con un crecimiento del 25% sobre la cifra anteriormente indicada, consideramos oportuno contratar una nueva persona en el departamento comercial para soportar dicho crecimiento. El elegido es un joven din\u00e1mico, abierto, agradable, que, a pesar de su juventud, acumula una experiencia comercial de varios a\u00f1os en \u00e1mbitos internacionales, y que, literalmente, nos enamora tanto a m\u00ed como a la responsable de recursos humanos.<\/p>\n<p>Para no manteneros con la intriga m\u00e1s tiempo, os adelanto el final de la historia. En contra de lo que ha sido habitual en mi carrera, al a\u00f1o de su incorporaci\u00f3n, decido no renovarlo. Sin lugar a duda, uno, sino el mayor, de mis fracasos de mi carrera profesional.<\/p>\n<p>Y alguno\/a dir\u00e9is que \u00a1qu\u00e9 exagerado! Pues igual si, pero de verdad es que tal como lo siento, as\u00ed lo expreso.\u00a0 En las varias charlas (claramente menos de las necesarias) mantenidas con \u00e9l acerca de su desempe\u00f1o, no fui capaz de saber el porqu\u00e9 de su falta de motivaci\u00f3n, de su rendimiento muy por debajo de su potencial. Y sinceramente, no creo que fuera por una cuesti\u00f3n de mala actitud personal, y, mucho menos, por no ser capaz de desempe\u00f1ar dicho puesto con solvencia.<\/p>\n<p>Desde la distancia, los a\u00f1os que han pasado de aquella circunstancia, y con el conocimiento adquirido, y grandes dosis de autocr\u00edtica, estoy convencido de que no lider\u00e9 bien a aquel profesional. Y de lo que, si que no tengo ninguna duda, es que la falta de un m\u00e9todo claro de c\u00f3mo liderar a las personas, fue lo que determin\u00f3 el resultado negativo. Y no s\u00f3lo fue un fracaso para m\u00ed, sino que tambi\u00e9n lo fue obviamente para la empresa.<\/p>\n<p>Si cuando me incorpor\u00e9 a un puesto de tanta responsabilidad como es el de la direcci\u00f3n comercial, me hubiera formado en competencias de liderazgo, estoy seguro de que el resultado hubiera sido completamente distinto. Posteriormente, descubr\u00ed el m\u00e9todo de <em><strong>\u201cLos 5 Ejes del Liderazgo Transformacional\u201d<\/strong><\/em>. Firme defensor de este como herramienta indispensable para todo l\u00edder que se precie, lo desarrollo detalladamente en los cursos de formaci\u00f3n que imparto bajo el paraguas de la empresa KRUCE.<\/p>\n<p>Lo bueno del m\u00e9todo es que es tan aparentemente sencillo, que es en esa sencillez donde radica su magia y sus excelentes resultados. Pero, lo mejor del m\u00e9todo es que versa sobre PERSONAS. En la satisfacci\u00f3n de conseguir mejores personas y grandes profesionales.<\/p>\n<p>Brevemente, que no es momento ni lugar apara extenderse como lo hago en los cursos, consta, como bien indica su nombre, de 5 Ejes, secuenciales:<\/p>\n<ol>\n<li><em><strong><u>EMPATIZAR<\/u><\/strong><\/em>: conocer a fondo a la persona, profundizar en sus <em>VALORES<\/em>.<\/li>\n<li><em><strong><u>INSPIRAR<\/u><\/strong><\/em>: conocer sus objetivos personales y profesionales, cu\u00e1l es su <em>FUTURO DESEADO<\/em><\/li>\n<li><em><strong><u>INFLUIR<\/u><\/strong><\/em>: conocer su <em>PARA QU\u00c9<\/em>. Llegar a conocer lo que en el coaching comercial nos gusta llamar su <em>FINALIDAD<\/em><\/li>\n<li><em><strong><u>CRECER<\/u><\/strong><\/em>: sus \u00e1reas de mejora y retos personales. Debe de terminar en un <em>PLAN DE ACCI\u00d3N<\/em><\/li>\n<li><em><strong><u>TRANSFORMAR<\/u><\/strong><\/em>: acompa\u00f1arle en este proceso, afianzar esos buenos h\u00e1bitos con un adecuado <em>SEGUIMIENTO<\/em><\/li>\n<\/ol>\n<p>\u00bfD\u00f3nde me qued\u00e9 yo en el caso antes narrado? Sinceramente, creo que no llegu\u00e9 ni a empezar el punto 1. Es m\u00e1s, en mi primer viaje con \u00e9l, a la semana de haberse incorporado a la empresa, en el viaje de vuelta, en contra de lo que suele ser mi forma de interactuar con mi equipo, le recrimin\u00e9 por haberse extralimitado en sus funciones. \u00bfQu\u00e9 habl\u00f3 m\u00e1s de la cuenta, considerando que s\u00f3lo llevaba 1 semana en la empresa? \u00bfQu\u00e9 quiz\u00e1s no fue en alg\u00fan momento respetuoso con su predecesor, tambi\u00e9n presente en aquellas visitas? \u00bfQu\u00e9 deber\u00eda de haber escuchado m\u00e1s? \u00bfQu\u00e9 quer\u00eda impresionarme con sus competencias comerciales y se excedi\u00f3 en el protagonismo? \u2026 Pues igual s\u00ed, pero a la vista de mi comportamiento y las consecuencias de este, no fueron ni mucho menos las formas, ni el estilo que deber\u00eda de adornar a un buen l\u00edder.<\/p>\n<p>No caig\u00e1is en el mismo error que ca\u00ed yo. Os recomiendo encarecidamente:<\/p>\n<ul>\n<li><strong>FORMACI\u00d3N CONTINUA<\/strong>: no esper\u00e9is a que alguien del departamento de RRHH dise\u00f1e vuestra curva de carrera. No quiero entrar en la banal discusi\u00f3n de si el l\u00edder nace o se hace. Pocos dudar\u00e1n de que Messi es uno de los mejores jugadores de la historia de f\u00fatbol y seguro se le ve\u00edan grandes aptitudes desde joven, pero sigue entren\u00e1ndose continuamente. A buen entendedor, \u2026<\/li>\n<li><strong>AUTOCR\u00cdTICA<\/strong>: no caig\u00e1is en el manido lema de que la motivaci\u00f3n es intr\u00ednseca y no se puede hacer nada si el liderado no es capaz de motivarse por si mismo. El Buen L\u00edder tiene mucho que decir en conseguir que esa motivaci\u00f3n intr\u00ednseca, que efectivamente es la que va a hacer que haga todo lo posible por alcanzar sus retos, sea lo m\u00e1s alta posible, y est\u00e9 perfectamente alineada con los objetivos extr\u00ednsecos, marcados por la empresa. Miraros de vez en cuando al ombligo y analizar qu\u00e9 est\u00e1is haciendo vosotros para motivar a vuestros equipos.<\/li>\n<li><strong>M\u00c9TODO<\/strong>: ya he incidido en la importancia de este punto. Es vital. Igual que lo es un detallado proceso de ventas, pero de esto hablaremos otro d\u00eda, es importante que cuando queramos conectar con nuestros equipos sigamos una secuencia de pasos para ir conoci\u00e9ndolos a fondo, desde lo b\u00e1sico hasta lo m\u00e1s complejo, en saber qu\u00e9 es lo que le mueve, porque eso, y no otra cosa, har\u00e1 que conectemos con \u00e9l y seamos capaces de inspirarles, de influirles positivamente. Ayud\u00e9mosles a crecer, a transformarse en grandes profesionales y, a\u00fan mejor, en mejores personas.<\/li>\n<\/ul>\n<blockquote><p><em><strong>Y la pregunta es, \u00bflideras o diriges?\u00a0<\/strong><\/em><\/p><\/blockquote>\n<p>&nbsp;<\/p>\n","protected":false},"excerpt":{"rendered":"<p>Dicen que una herramienta muy potente para conectar con la gente es mostrar vulnerabilidad. Ya estamos un poco (o muy) hartos de ver siempre casos de \u00e9xito, de gente que nos dice c\u00f3mo tenemos que hacer las cosas, y que cuando indagas un poco sobre su experiencia, no encuentras nada en lo que se puedan [&hellip;]<\/p>\n","protected":false},"author":3,"featured_media":1460,"comment_status":"open","ping_status":"open","sticky":false,"template":"","format":"standard","meta":[],"categories":[58],"tags":[54,56,48,45,57],"acf":[],"yoast_head":"<!-- This site is optimized with the Yoast SEO plugin v19.7.2 - https:\/\/yoast.com\/wordpress\/plugins\/seo\/ -->\n<title>Liderar sin m\u00e9todo\u2026 fracaso asegurado - KRUCE. Produktibitate Komertziala<\/title>\n<meta name=\"robots\" content=\"index, follow, max-snippet:-1, max-image-preview:large, max-video-preview:-1\" \/>\n<link rel=\"canonical\" href=\"https:\/\/kruce.es\/2021\/05\/11\/intentar-liderar-sin-metodo-fracaso-asegurado\/\" \/>\n<meta property=\"og:locale\" content=\"eu_ES\" \/>\n<meta property=\"og:type\" content=\"article\" \/>\n<meta property=\"og:title\" content=\"Liderar sin m\u00e9todo\u2026 fracaso asegurado - KRUCE. Produktibitate Komertziala\" \/>\n<meta property=\"og:description\" content=\"Dicen que una herramienta muy potente para conectar con la gente es mostrar vulnerabilidad. Ya estamos un poco (o muy) hartos de ver siempre casos de \u00e9xito, de gente que nos dice c\u00f3mo tenemos que hacer las cosas, y que cuando indagas un poco sobre su experiencia, no encuentras nada en lo que se puedan [&hellip;]\" \/>\n<meta property=\"og:url\" content=\"https:\/\/kruce.es\/2021\/05\/11\/intentar-liderar-sin-metodo-fracaso-asegurado\/\" \/>\n<meta property=\"og:site_name\" content=\"KRUCE. Produktibitate Komertziala\" \/>\n<meta property=\"article:published_time\" content=\"2021-05-11T13:06:27+00:00\" \/>\n<meta property=\"article:modified_time\" content=\"2022-11-22T11:19:16+00:00\" \/>\n<meta property=\"og:image\" content=\"https:\/\/kruce.es\/wp-content\/uploads\/2021\/05\/Testigantzak-Kruce.jpg\" \/>\n\t<meta property=\"og:image:width\" content=\"825\" \/>\n\t<meta property=\"og:image:height\" content=\"379\" \/>\n\t<meta property=\"og:image:type\" content=\"image\/jpeg\" \/>\n<meta name=\"author\" content=\"Romu Arteche\" \/>\n<meta name=\"twitter:card\" content=\"summary_large_image\" \/>\n<meta name=\"twitter:label1\" content=\"Written by\" \/>\n\t<meta name=\"twitter:data1\" content=\"Romu Arteche\" \/>\n\t<meta name=\"twitter:label2\" content=\"Est. reading time\" \/>\n\t<meta name=\"twitter:data2\" content=\"6 minutes\" \/>\n<script type=\"application\/ld+json\" class=\"yoast-schema-graph\">{\"@context\":\"https:\/\/schema.org\",\"@graph\":[{\"@type\":\"WebPage\",\"@id\":\"https:\/\/kruce.es\/2021\/05\/11\/intentar-liderar-sin-metodo-fracaso-asegurado\/\",\"url\":\"https:\/\/kruce.es\/2021\/05\/11\/intentar-liderar-sin-metodo-fracaso-asegurado\/\",\"name\":\"Liderar sin m\u00e9todo\u2026 fracaso asegurado - KRUCE. Produktibitate Komertziala\",\"isPartOf\":{\"@id\":\"https:\/\/kruce.es\/#website\"},\"datePublished\":\"2021-05-11T13:06:27+00:00\",\"dateModified\":\"2022-11-22T11:19:16+00:00\",\"author\":{\"@id\":\"https:\/\/kruce.es\/#\/schema\/person\/6fe4841686dc56b5213ea4ade8b47aec\"},\"breadcrumb\":{\"@id\":\"https:\/\/kruce.es\/2021\/05\/11\/intentar-liderar-sin-metodo-fracaso-asegurado\/#breadcrumb\"},\"inLanguage\":\"eu-ES\",\"potentialAction\":[{\"@type\":\"ReadAction\",\"target\":[\"https:\/\/kruce.es\/2021\/05\/11\/intentar-liderar-sin-metodo-fracaso-asegurado\/\"]}]},{\"@type\":\"BreadcrumbList\",\"@id\":\"https:\/\/kruce.es\/2021\/05\/11\/intentar-liderar-sin-metodo-fracaso-asegurado\/#breadcrumb\",\"itemListElement\":[{\"@type\":\"ListItem\",\"position\":1,\"name\":\"Home\",\"item\":\"https:\/\/kruce.es\/eu\/\"},{\"@type\":\"ListItem\",\"position\":2,\"name\":\"Liderar sin m\u00e9todo\u2026 fracaso asegurado\"}]},{\"@type\":\"WebSite\",\"@id\":\"https:\/\/kruce.es\/#website\",\"url\":\"https:\/\/kruce.es\/\",\"name\":\"KRUCE. Produktibitate Komertziala\",\"description\":\"Productividad Comercial\",\"potentialAction\":[{\"@type\":\"SearchAction\",\"target\":{\"@type\":\"EntryPoint\",\"urlTemplate\":\"https:\/\/kruce.es\/?s={search_term_string}\"},\"query-input\":\"required name=search_term_string\"}],\"inLanguage\":\"eu-ES\"},{\"@type\":\"Person\",\"@id\":\"https:\/\/kruce.es\/#\/schema\/person\/6fe4841686dc56b5213ea4ade8b47aec\",\"name\":\"Romu Arteche\",\"url\":\"https:\/\/kruce.es\/eu\/author\/rarteche\/\"}]}<\/script>\n<!-- \/ Yoast SEO plugin. -->","yoast_head_json":{"title":"Liderar sin m\u00e9todo\u2026 fracaso asegurado - KRUCE. Produktibitate Komertziala","robots":{"index":"index","follow":"follow","max-snippet":"max-snippet:-1","max-image-preview":"max-image-preview:large","max-video-preview":"max-video-preview:-1"},"canonical":"https:\/\/kruce.es\/2021\/05\/11\/intentar-liderar-sin-metodo-fracaso-asegurado\/","og_locale":"eu_ES","og_type":"article","og_title":"Liderar sin m\u00e9todo\u2026 fracaso asegurado - KRUCE. Produktibitate Komertziala","og_description":"Dicen que una herramienta muy potente para conectar con la gente es mostrar vulnerabilidad. Ya estamos un poco (o muy) hartos de ver siempre casos de \u00e9xito, de gente que nos dice c\u00f3mo tenemos que hacer las cosas, y que cuando indagas un poco sobre su experiencia, no encuentras nada en lo que se puedan [&hellip;]","og_url":"https:\/\/kruce.es\/2021\/05\/11\/intentar-liderar-sin-metodo-fracaso-asegurado\/","og_site_name":"KRUCE. Produktibitate Komertziala","article_published_time":"2021-05-11T13:06:27+00:00","article_modified_time":"2022-11-22T11:19:16+00:00","og_image":[{"width":825,"height":379,"url":"https:\/\/kruce.es\/wp-content\/uploads\/2021\/05\/Testigantzak-Kruce.jpg","type":"image\/jpeg"}],"author":"Romu Arteche","twitter_card":"summary_large_image","twitter_misc":{"Written by":"Romu Arteche","Est. reading time":"6 minutes"},"schema":{"@context":"https:\/\/schema.org","@graph":[{"@type":"WebPage","@id":"https:\/\/kruce.es\/2021\/05\/11\/intentar-liderar-sin-metodo-fracaso-asegurado\/","url":"https:\/\/kruce.es\/2021\/05\/11\/intentar-liderar-sin-metodo-fracaso-asegurado\/","name":"Liderar sin m\u00e9todo\u2026 fracaso asegurado - KRUCE. Produktibitate Komertziala","isPartOf":{"@id":"https:\/\/kruce.es\/#website"},"datePublished":"2021-05-11T13:06:27+00:00","dateModified":"2022-11-22T11:19:16+00:00","author":{"@id":"https:\/\/kruce.es\/#\/schema\/person\/6fe4841686dc56b5213ea4ade8b47aec"},"breadcrumb":{"@id":"https:\/\/kruce.es\/2021\/05\/11\/intentar-liderar-sin-metodo-fracaso-asegurado\/#breadcrumb"},"inLanguage":"eu-ES","potentialAction":[{"@type":"ReadAction","target":["https:\/\/kruce.es\/2021\/05\/11\/intentar-liderar-sin-metodo-fracaso-asegurado\/"]}]},{"@type":"BreadcrumbList","@id":"https:\/\/kruce.es\/2021\/05\/11\/intentar-liderar-sin-metodo-fracaso-asegurado\/#breadcrumb","itemListElement":[{"@type":"ListItem","position":1,"name":"Home","item":"https:\/\/kruce.es\/eu\/"},{"@type":"ListItem","position":2,"name":"Liderar sin m\u00e9todo\u2026 fracaso asegurado"}]},{"@type":"WebSite","@id":"https:\/\/kruce.es\/#website","url":"https:\/\/kruce.es\/","name":"KRUCE. Produktibitate Komertziala","description":"Productividad Comercial","potentialAction":[{"@type":"SearchAction","target":{"@type":"EntryPoint","urlTemplate":"https:\/\/kruce.es\/?s={search_term_string}"},"query-input":"required name=search_term_string"}],"inLanguage":"eu-ES"},{"@type":"Person","@id":"https:\/\/kruce.es\/#\/schema\/person\/6fe4841686dc56b5213ea4ade8b47aec","name":"Romu Arteche","url":"https:\/\/kruce.es\/eu\/author\/rarteche\/"}]}},"_links":{"self":[{"href":"https:\/\/kruce.es\/eu\/wp-json\/wp\/v2\/posts\/703"}],"collection":[{"href":"https:\/\/kruce.es\/eu\/wp-json\/wp\/v2\/posts"}],"about":[{"href":"https:\/\/kruce.es\/eu\/wp-json\/wp\/v2\/types\/post"}],"author":[{"embeddable":true,"href":"https:\/\/kruce.es\/eu\/wp-json\/wp\/v2\/users\/3"}],"replies":[{"embeddable":true,"href":"https:\/\/kruce.es\/eu\/wp-json\/wp\/v2\/comments?post=703"}],"version-history":[{"count":3,"href":"https:\/\/kruce.es\/eu\/wp-json\/wp\/v2\/posts\/703\/revisions"}],"predecessor-version":[{"id":713,"href":"https:\/\/kruce.es\/eu\/wp-json\/wp\/v2\/posts\/703\/revisions\/713"}],"wp:featuredmedia":[{"embeddable":true,"href":"https:\/\/kruce.es\/eu\/wp-json\/wp\/v2\/media\/1460"}],"wp:attachment":[{"href":"https:\/\/kruce.es\/eu\/wp-json\/wp\/v2\/media?parent=703"}],"wp:term":[{"taxonomy":"category","embeddable":true,"href":"https:\/\/kruce.es\/eu\/wp-json\/wp\/v2\/categories?post=703"},{"taxonomy":"post_tag","embeddable":true,"href":"https:\/\/kruce.es\/eu\/wp-json\/wp\/v2\/tags?post=703"}],"curies":[{"name":"wp","href":"https:\/\/api.w.org\/{rel}","templated":true}]}}